{"id":113,"date":"2021-07-02T21:13:00","date_gmt":"2021-07-03T03:13:00","guid":{"rendered":"https:\/\/bweb.mx\/blog\/?p=113"},"modified":"2023-12-27T14:57:52","modified_gmt":"2023-12-27T20:57:52","slug":"por-que-hablar-con-seguridad-consejos-de-cantante-profesional","status":"publish","type":"post","link":"https:\/\/bweb.mx\/blog\/por-que-hablar-con-seguridad-consejos-de-cantante-profesional\/","title":{"rendered":"\u00bfPor qu\u00e9 hablar con seguridad? Consejos de Cantante Profesional"},"content":{"rendered":"\n<p>Gracias por compartir conmigo este tiempo para leer aqu\u00ed acerca de mi experiencia profesional y personal.<\/p>\n\n\n\n<p>Te comparto una frase con gran significado para m\u00ed:<\/p>\n\n\n\n<p><em>&#8220;Que hablen de uno es espantoso. Pero existe algo peor: que no hablen&#8221;&nbsp;<\/em><\/p>\n\n\n\n<p>Una frase del c\u00e9lebre dramaturgo y novelista irland\u00e9s Oscar Wilde.<\/p>\n\n\n\n<p>Dichas palabras me han motivado para descubrir y desarrollar el crecimiento personal y profesional justo en el momento en que decid\u00ed creer en m\u00ed y en lo que hago, para tener la seguridad de transmitirlo por medio de la voz.&nbsp;<\/p>\n\n\n\n<p>Y como toda artista, he continuado la b\u00fasqueda de oportunidades y tocado innumerables puertas para ser escuchada.&nbsp;<\/p>\n\n\n\n<p>Uno de mis mayores logros profesionales fue el haber participado en el programa televisivo&nbsp;<strong>La Voz M\u00e9xico<\/strong>&nbsp;como parte del equipo de alumnos del afamado artista mexicano del pop, Aleks Syntek.<\/p>\n\n\n\n<p>As\u00ed que en aquel tiempo, acud\u00ed al casting de La Voz M\u00e9xico pero al no contar con un padrino o alguna recomendaci\u00f3n especial tuve que pasar por mil filtros, me entrevistaron muchas veces.&nbsp;&nbsp;<\/p>\n\n\n\n<p>En los estudios de Televisa, la empresa de comunicaci\u00f3n del programa, los que no cont\u00e1bamos con recomendaciones lleg\u00e1bamos desde las 8 de la ma\u00f1ana y nos ocupaban grabando alg\u00fan bloque o en muchas ocasiones, esperando nada m\u00e1s.&nbsp;<\/p>\n\n\n\n<p>Te contar\u00e9 un secreto, en el momento cuando Aleks Syntek nos visitaba, de manera amable nos interpretaba algo y se tomaba fotos con nosotros, pero hab\u00eda un detalle, \u00e9l no era en realidad nuestro coach. En su representaci\u00f3n estaba Cox Gasc\u00f3n, conocido por interpretar la canci\u00f3n de &#8220;mi gran noche&#8221;.<\/p>\n\n\n\n<p>En otra ocasi\u00f3n, en la que ten\u00edamos que ensayar para la secci\u00f3n &#8220;las batallas&#8221; del programa; no llevaron el reproductor de pistas&nbsp;para poner las nuestras as\u00ed que no ser\u00eda posible realizar el ensayo. Muchos si no es que todos, se conformaron y prefirieron relajarse dedic\u00e1ndose a platicar.&nbsp;<\/p>\n\n\n\n<p>Pero antes de continuar con la an\u00e9cdota, dime si<\/p>\n\n\n\n<p><strong>\u00bfTe ha pasado que por miedo, pena, duda del qu\u00e9 dir\u00e1n o suceder\u00e1, result\u00f3 que no hablaste acerca de lo que pensabas en el momento?<\/strong><\/p>\n\n\n\n<p>He de confesar que de nada sirvieron los a\u00f1os de estudios, disciplina y pr\u00e1ctica para lograr graduarme de manera profesional como Cantante de \u00d3pera en el Conservatorio; ni tampoco que al inicio de mi carrera art\u00edstica me desempe\u00f1\u00e9 como solista o como la voz principal en bandas de rock, jazz y m\u00fasica vers\u00e1til.&nbsp;<\/p>\n\n\n\n<p>En fin. Era ir\u00f3nico que al cantar cautivara a la audiencia con mi voz y sin embargo, era imposible para m\u00ed poder dirigir algunas palabras hacia el p\u00fablico, ya que no ten\u00eda idea de qu\u00e9 decir, es m\u00e1s, \u00a1ni aunque supiera!, porque de solo pensarlo me cohib\u00eda.<\/p>\n\n\n\n<p>No ten\u00eda idea de c\u00f3mo romper esa barrera.&nbsp;<strong>Hablar y alzar mi voz fue un gran reto para m\u00ed.<\/strong><\/p>\n\n\n\n<p>Por lo anterior y de vuelta en la an\u00e9cdota del casting.<\/p>\n\n\n\n<p>Result\u00f3 que dentro de m\u00ed hab\u00eda un pensamiento de quedarme callada, conformarme o bien, no decir nada y esperar como los dem\u00e1s, pero tambi\u00e9n ten\u00eda el sentimiento de una molestia profunda.&nbsp;<\/p>\n\n\n\n<p>No comprend\u00eda del todo el \u00bfpor qu\u00e9 nuestro coach no buscaba una soluci\u00f3n?<\/p>\n\n\n\n<p>Despu\u00e9s de dudar y pensar en el qu\u00e9 dir\u00edan si hablo y digo lo que pienso, comenc\u00e9 a creer que deber\u00eda alzar mi voz pero \u00bfy si me corren?<\/p>\n\n\n\n<p>Entonces, como se trataba de m\u00ed m\u00e1s que de las otras personas, pens\u00e9 muy bien c\u00f3mo y qu\u00e9 decir.<\/p>\n\n\n\n<p>\u00a1Por fin me decid\u00ed a&nbsp;<strong>hablar con seguridad<\/strong>&nbsp;para expresar mis pensamientos!<\/p>\n\n\n\n<p>Absolutamente decidida, le pregunt\u00e9 al Coach Cox si era posible usar el piano para los ensayos. Cox sorprendido, me confes\u00f3 que la verdad \u00e9l no sab\u00eda tocar ning\u00fan instrumento y al contrario, se alegr\u00f3 de que expresara mi disposici\u00f3n para resolver el problema. Despu\u00e9s de todo, como Profesional de la M\u00fasica, la voz no es el \u00fanico instrumento que debemos entrenar y ejecutar.<\/p>\n\n\n\n<p>Imag\u00ednate, mis compa\u00f1eros se enteraron y comenzaron a solicitar mi ayuda. \u00a1De momento me sent\u00ed halagada y feliz!<\/p>\n\n\n\n<p><strong>El alzar mi voz sin duda obtuvo resultados.<\/strong>&nbsp;Ayud\u00e9 a mi contrincante a lograr su l\u00ednea vocal y grab\u00e9 audios de estudio. Pero despu\u00e9s la situaci\u00f3n se puso tensa. Pasaron los d\u00edas y en esa nueva experiencia de aprendizaje, la chica que se presum\u00eda mi compa\u00f1era, cambi\u00f3.&nbsp;<\/p>\n\n\n\n<p>Antes, mi contrincante se etiquetaba como mi amiguis del alma y despu\u00e9s, todo lo contrario. La indiferencia total. En las entrevistas, ella quer\u00eda hablar primero o incluso entrar antes que yo al elevador.&nbsp; \u00a1Vaya, c\u00f3mo cambia la gente encima de un tabique!<\/p>\n\n\n\n<p>Otra situaci\u00f3n complicada fue que, en las redes sociales es muy f\u00e1cil pensar que conoces a la gente, criticar o hablar sobre otras personas con libertad.&nbsp;<\/p>\n\n\n\n<p>Lo anterior lo comento porque \u00a1amo usar boinas!, pero en esa temporada dej\u00e9 de hacerlo debido a los comentarios negativos recibidos en las redes sociales.<\/p>\n\n\n\n<p>Sent\u00ed miedo e inseguridad. Incluso al salir del programa me deprim\u00ed bastante. No quer\u00eda hablar, levantarme, comer, salir o regresar al trabajo por miedo a las opiniones de los dem\u00e1s y lo que les tendr\u00eda que responder para salir del momento. Fatal.<\/p>\n\n\n\n<p>Un d\u00eda, decid\u00ed de nuevo vencer el miedo para hablar y salir libre como antes. \u00a1No me permitir\u00eda m\u00e1s continuar de esa forma!&nbsp;<\/p>\n\n\n\n<p>Eleg\u00ed levantarme y vivir.&nbsp;<\/p>\n\n\n\n<p>Fue cuando sucedi\u00f3.<\/p>\n\n\n\n<p>De la nada y al caminar por la calle, las personas en los coches tocaban la bocina y me gritaban o deten\u00edan al caminar, tambi\u00e9n recib\u00ed miles de solicitudes de amistad en Facebook.\u00a0<\/p>\n\n\n\n<p>\u00a1Todo eso me espantaba!<\/p>\n\n\n\n<p>Sin embargo, tuve la grata sorpresa de que el ruido de las bocinas \u00a1era para hablarme y decirme que me apoyaban!&nbsp;<\/p>\n\n\n\n<p>Se deten\u00edan las personas en la acera para exclamar \u00a1te conozco! \u00a1Te vi en la televisi\u00f3n!, y quer\u00edan una foto conmigo e integrarme a los contactos en Facebook.\u00a0<\/p>\n\n\n\n<p>Mi p\u00e1gina de fans era para las pl\u00e1ticas con ellos, felicitarme, saber mi experiencia y me agradecieron el recibir una respuesta de mi parte, ya que se quejaban de las personas que salen en la tv nunca lo har\u00edan, ni mucho menos realizar conversaciones con ellos.&nbsp;&nbsp;<\/p>\n\n\n\n<p>A todo esto,\u00a0<strong>\u00bfqu\u00e9 fue lo que me ayud\u00f3 para expresarme, alzar mi voz y hablar con la audiencia o con quienes solicitan mi asesor\u00eda profesional personalizada?<\/strong><\/p>\n\n\n\n<h2 class=\"wp-block-heading\">Te compartir\u00e9 mis 4 puntos para lograr hablar con seguridad<\/h2>\n\n\n\n<h3 class=\"wp-block-heading\">1. Conf\u00eda.&nbsp;<\/h3>\n\n\n\n<p>No debe importarte lo que hable la gente de t\u00ed, de tus ideales o lo que haces. T\u00fa eres el experto en tu vida.<\/p>\n\n\n\n<h3 class=\"wp-block-heading\">2. Empod\u00e9rate.<\/h3>\n\n\n\n<p>Alza tu voz, ten seguridad en ti mismo, en tus talentos, en lo que piensas o dices, as\u00ed como en lo que sabes y te gusta hacer.\u00a0<\/p>\n\n\n\n<p>Conoce a la perfecci\u00f3n tu actividad o negocio, lo que vendes o tu servicio. Ello te ayudar\u00e1 a mostrar una actitud convincente al hablar. Expresarse con seguridad es una de las claves del \u00e9xito.<\/p>\n\n\n\n<h3 class=\"wp-block-heading\">3. Cree.<\/h3>\n\n\n\n<p>Hablar con seguridad significa un profundo amor propio. Por eso es esencial conocer nuestras virtudes y ser conscientes de ellas.<\/p>\n\n\n\n<p>Con frecuencia admiramos y destacamos las virtudes de otras personas, \u00a1sin darnos cuenta de nuestro estuche de moner\u00edas!\u00a0<\/p>\n\n\n\n<p>Habla contigo, \u00e1mate, reg\u00e1late porras y expresa cosas lindas para ti en el espejo todos los d\u00edas, por ejemplo:&nbsp;<\/p>\n\n\n\n<p>Buenos d\u00edas mi misma \u00a1que guapa amaneciste!&nbsp; \u00a1Vamos con todo!<\/p>\n\n\n\n<p>Sin embargo, ten cuidado con la vanidad y la arrogancia, porque se pueden volver en nuestra contra y estar\u00e1s en las alturas de tu tabique personal.<\/p>\n\n\n\n<h3 class=\"wp-block-heading\">4. Aprende.&nbsp;<\/h3>\n\n\n\n<p>Si no sabes del tema investiga y si tienes ganas de aprender algo, \u00a1solo hazlo! Todo es posible, lo importante es decidirse a llevarlo a cabo. No te quedes con las ganas.<strong>\u00a0Alza tu voz.<\/strong><\/p>\n\n\n\n<p>El hubiera no existe, \u00fanicamente el ahora. Jam\u00e1s ser\u00e1 tarde. Decide aprender porque es posible y quieres hacerlo. \u00bfQu\u00e9 esperas?<\/p>\n\n\n\n<p>Es hermoso y gratificante compartir lo que uno ama hacer y sobre todo, ayudar a los dem\u00e1s a crecer. Recuerda que estamos en aprendizaje y crecimiento constante.<\/p>\n\n\n\n<p>Te invito a descubrir tus talentos en mi curso<em><strong>&nbsp;&#8220;Desarrolla el Poder de Tu Voz&#8221;<\/strong><\/em>.&nbsp;<\/p>\n\n\n\n<p>Y para ello el \u00faltimo y&nbsp;<strong>cuarto punto<\/strong>&nbsp;ser\u00e1 nuestra frase especial<\/p>\n\n\n\n<p><strong><em>Alza tu voz, conf\u00eda, cree y aprende.<\/em><\/strong><\/p>\n\n\n\n<p>Porque todas las personas podemos cantar desde nuestra verdadera voz interna.<\/p>\n\n\n\n<p>Soy Ivonne Barbosa, Cantante Profesional y Coach Vocal. Perm\u00edteme descubrir contigo esa voz \u00fanica. Escr\u00edbeme en Facebook a\u00a0<a href=\"https:\/\/www.facebook.com\/ivonne.barbosa.35325\">Ivonne Barbosa<\/a>\u00a0\u00a1No olvides que s\u00ed responder\u00e9!\u00a0<\/p>\n\n\n\n<p>Y para que conozcas m\u00e1s de m\u00ed,\u00a0<a href=\"https:\/\/www.youtube.com\/c\/IvonneBarbosa\">visita el canal de video<\/a>.<\/p>\n\n\n\n<p>Autor del post: Ivonne Barbosa Hern\u00e1ndez<\/p>\n\n\n\n<p>Apoyo editorial: Enrique Barbosa Moncada<\/p>\n","protected":false},"excerpt":{"rendered":"<p>Gracias por compartir conmigo este tiempo para leer aqu\u00ed acerca de mi experiencia profesional y personal. Te comparto una frase con gran significado para m\u00ed: &#8220;Que hablen de uno es espantoso. Pero existe algo peor: que no hablen&#8221;&nbsp; Una frase del c\u00e9lebre dramaturgo y novelista irland\u00e9s Oscar Wilde. Dichas palabras me han motivado para descubrir &#8230; <a title=\"\u00bfPor qu\u00e9 hablar con seguridad? Consejos de Cantante Profesional\" class=\"read-more\" href=\"https:\/\/bweb.mx\/blog\/por-que-hablar-con-seguridad-consejos-de-cantante-profesional\/\" aria-label=\"M\u00e1s en \u00bfPor qu\u00e9 hablar con seguridad? Consejos de Cantante Profesional\">Leer m\u00e1s<\/a><\/p>\n","protected":false},"author":4,"featured_media":114,"comment_status":"open","ping_status":"closed","sticky":false,"template":"","format":"standard","meta":{"footnotes":""},"categories":[13],"tags":[],"class_list":["post-113","post","type-post","status-publish","format-standard","has-post-thumbnail","hentry","category-hablar-en-publico"],"aioseo_notices":[],"_links":{"self":[{"href":"https:\/\/bweb.mx\/blog\/wp-json\/wp\/v2\/posts\/113","targetHints":{"allow":["GET"]}}],"collection":[{"href":"https:\/\/bweb.mx\/blog\/wp-json\/wp\/v2\/posts"}],"about":[{"href":"https:\/\/bweb.mx\/blog\/wp-json\/wp\/v2\/types\/post"}],"author":[{"embeddable":true,"href":"https:\/\/bweb.mx\/blog\/wp-json\/wp\/v2\/users\/4"}],"replies":[{"embeddable":true,"href":"https:\/\/bweb.mx\/blog\/wp-json\/wp\/v2\/comments?post=113"}],"version-history":[{"count":1,"href":"https:\/\/bweb.mx\/blog\/wp-json\/wp\/v2\/posts\/113\/revisions"}],"predecessor-version":[{"id":115,"href":"https:\/\/bweb.mx\/blog\/wp-json\/wp\/v2\/posts\/113\/revisions\/115"}],"wp:featuredmedia":[{"embeddable":true,"href":"https:\/\/bweb.mx\/blog\/wp-json\/wp\/v2\/media\/114"}],"wp:attachment":[{"href":"https:\/\/bweb.mx\/blog\/wp-json\/wp\/v2\/media?parent=113"}],"wp:term":[{"taxonomy":"category","embeddable":true,"href":"https:\/\/bweb.mx\/blog\/wp-json\/wp\/v2\/categories?post=113"},{"taxonomy":"post_tag","embeddable":true,"href":"https:\/\/bweb.mx\/blog\/wp-json\/wp\/v2\/tags?post=113"}],"curies":[{"name":"wp","href":"https:\/\/api.w.org\/{rel}","templated":true}]}}