{"id":137,"date":"2021-10-01T13:16:00","date_gmt":"2021-10-01T19:16:00","guid":{"rendered":"https:\/\/bweb.mx\/blog\/?p=137"},"modified":"2023-12-27T15:50:56","modified_gmt":"2023-12-27T21:50:56","slug":"primera-ceremonia-de-graduacion-networking-move","status":"publish","type":"post","link":"https:\/\/bweb.mx\/blog\/primera-ceremonia-de-graduacion-networking-move\/","title":{"rendered":"Primera ceremonia de graduaci\u00f3n Networking MOVE"},"content":{"rendered":"\n<p>El 30 de septiembre del 2021 se llev\u00f3 a cabo la primera ceremonia de graduaci\u00f3n del Networking MOVE.<\/p>\n\n\n\n<p>Treinta y seis personas, entre integrantes e invitados, fueron testigos de c\u00f3mo los nuevos graduados tomaron protesta en la ceremonia.<\/p>\n\n\n\n<p>Al finalizar la toma de protesta todos los gu\u00edas compartieron unas palabras a cada uno de los graduados, enfatizaron el esfuerzo y dedicaci\u00f3n hecho por cada uno de los integrantes al tener el voto de confianza en el movimiento y haber logrado sus retos.<\/p>\n\n\n\n<p>Al estilo Networking MOVE, los reci\u00e9n graduados compartieron palabras emotivas a sus gu\u00edas, pero sobre todo al movimiento.<\/p>\n\n\n\n<p>Se escucharon cosas tales como:&nbsp;<\/p>\n\n\n\n<p class=\"has-text-align-center\"><em>\u201cMe siento feliz de que todos los d\u00edas vengo a este espacio a hablar de mi negocio\u201d<\/em><\/p>\n\n\n\n<p class=\"has-text-align-center\"><em>\u201cMi negocio ha crecido desde que estoy aqu\u00ed\u201d<\/em><\/p>\n\n\n\n<p class=\"has-text-align-center\"><em>\u201cMe ha motivado a salir adelante todos los d\u00edas\u201d.<\/em><\/p>\n\n\n\n<p>La mesa directiva del networking MOVE reforz\u00f3 su compromiso con el crecimiento personal y de negocio de todos los integrantes.<\/p>\n\n\n\n<p>T\u00fa puedes formar parte de esta comunidad de empresarios y emprendedores, basada en la confianza, la edificaci\u00f3n de sus integrantes y el trabajo en equipo.<\/p>\n\n\n\n<p>Accede a la comunidad a trav\u00e9s de nuestros eventos semanales&nbsp;<\/p>\n\n\n\n<p><a href=\"https:\/\/bweb.mx\/eventos-networking\">https:\/\/bweb.mx\/eventos-networking<\/a><\/p>\n\n\n\n<p>\u00a1No estar\u00e1s solo, nosotros te acompa\u00f1aremos!<\/p>\n","protected":false},"excerpt":{"rendered":"<p>El 30 de septiembre del 2021 se llev\u00f3 a cabo la primera ceremonia de graduaci\u00f3n del Networking MOVE. Treinta y seis personas, entre integrantes e invitados, fueron testigos de c\u00f3mo los nuevos graduados tomaron protesta en la ceremonia. Al finalizar la toma de protesta todos los gu\u00edas compartieron unas palabras a cada uno de los &#8230; <a title=\"Primera ceremonia de graduaci\u00f3n Networking MOVE\" class=\"read-more\" href=\"https:\/\/bweb.mx\/blog\/primera-ceremonia-de-graduacion-networking-move\/\" aria-label=\"M\u00e1s en Primera ceremonia de graduaci\u00f3n Networking MOVE\">Leer m\u00e1s<\/a><\/p>\n","protected":false},"author":4,"featured_media":138,"comment_status":"open","ping_status":"closed","sticky":false,"template":"","format":"standard","meta":{"footnotes":""},"categories":[3],"tags":[],"class_list":["post-137","post","type-post","status-publish","format-standard","has-post-thumbnail","hentry","category-eventos"],"aioseo_notices":[],"_links":{"self":[{"href":"https:\/\/bweb.mx\/blog\/wp-json\/wp\/v2\/posts\/137","targetHints":{"allow":["GET"]}}],"collection":[{"href":"https:\/\/bweb.mx\/blog\/wp-json\/wp\/v2\/posts"}],"about":[{"href":"https:\/\/bweb.mx\/blog\/wp-json\/wp\/v2\/types\/post"}],"author":[{"embeddable":true,"href":"https:\/\/bweb.mx\/blog\/wp-json\/wp\/v2\/users\/4"}],"replies":[{"embeddable":true,"href":"https:\/\/bweb.mx\/blog\/wp-json\/wp\/v2\/comments?post=137"}],"version-history":[{"count":1,"href":"https:\/\/bweb.mx\/blog\/wp-json\/wp\/v2\/posts\/137\/revisions"}],"predecessor-version":[{"id":139,"href":"https:\/\/bweb.mx\/blog\/wp-json\/wp\/v2\/posts\/137\/revisions\/139"}],"wp:featuredmedia":[{"embeddable":true,"href":"https:\/\/bweb.mx\/blog\/wp-json\/wp\/v2\/media\/138"}],"wp:attachment":[{"href":"https:\/\/bweb.mx\/blog\/wp-json\/wp\/v2\/media?parent=137"}],"wp:term":[{"taxonomy":"category","embeddable":true,"href":"https:\/\/bweb.mx\/blog\/wp-json\/wp\/v2\/categories?post=137"},{"taxonomy":"post_tag","embeddable":true,"href":"https:\/\/bweb.mx\/blog\/wp-json\/wp\/v2\/tags?post=137"}],"curies":[{"name":"wp","href":"https:\/\/api.w.org\/{rel}","templated":true}]}}