{"id":34,"date":"2019-09-20T11:36:00","date_gmt":"2019-09-20T17:36:00","guid":{"rendered":"https:\/\/bweb.mx\/blog\/?p=34"},"modified":"2024-08-15T08:50:30","modified_gmt":"2024-08-15T14:50:30","slug":"movimiento-de-vinculacion-empresarial-move","status":"publish","type":"post","link":"https:\/\/bweb.mx\/blog\/movimiento-de-vinculacion-empresarial-move\/","title":{"rendered":"Movimiento de Vinculaci\u00f3n Empresarial (Club MOVE)"},"content":{"rendered":"\n<p>El Movimiento de Vinculaci\u00f3n Empresarial hoy simplemente llamado Club MOVE tiene como prop\u00f3sito tomar en cuenta las voces y opiniones de los empresarios, due\u00f1os de negocio y emprendedores en las decisiones importantes del pa\u00eds.<\/p>\n\n\n\n<p>El movimiento surge oficialmente el 19 de Septiembre de 2019 liderado por Abraham Ponciano como Secretario Estatal del Movimiento de Vinculaci\u00f3n Empresarial de la CNOP y por el Subsecretario Julio Gallegos en un evento de toma de protesta en Naucalpan Estado de M\u00e9xico.&nbsp;<\/p>\n\n\n\n<p>Debido a nuestra realidad de los negocios en M\u00e9xico, el movimiento cuenta con coordinaciones que representan perfectamente las necesidades que tiene los empresarios:<\/p>\n\n\n\n<ul class=\"wp-block-list\">\n<li>Coordinaci\u00f3n General a cargo de&nbsp;<a href=\"https:\/\/bweb.mx\/blog\/javier-hoyuela\">Javier Hoyuela D\u00edaz<\/a>.<\/li>\n\n\n\n<li>Coordinaci\u00f3n de PyMEs a cargo de Andrea Rodr\u00edguez Ram\u00edrez.<\/li>\n\n\n\n<li>Coordinaci\u00f3n de Proyectos de Infraestructura a cargo de Raymundo Hernandez.<\/li>\n\n\n\n<li>Coordinaci\u00f3n de Programas de Gobierno Jonathan Ochoa Hern\u00e1ndez.<\/li>\n\n\n\n<li>Coordinaci\u00f3n Pol\u00edtica a cargo de Jorge H\u00e9ctor Garc\u00eda Roldan.<\/li>\n\n\n\n<li>Coordinaci\u00f3n de Planeaci\u00f3n a cargo de Frida Rodriguez.<\/li>\n\n\n\n<li>Coordinaci\u00f3n de Organizaciones Empresariales a cargo de Aban Odin Jorge Gonz\u00e1lez L\u00f3pez.<\/li>\n\n\n\n<li>Coordinaci\u00f3n de Nuevos Proyectos a cargo de Luis Daniel Escalante Mendoza.<\/li>\n\n\n\n<li>Coordinaci\u00f3n de Mujeres Empresarias a cargo de Mariana Garcia Garcia Travesi.<\/li>\n\n\n\n<li>Coordinaci\u00f3n de J\u00f3venes Empresarios a cargo de Gerardo Piza\u00f1a Gomez.<\/li>\n\n\n\n<li>Coordinaci\u00f3n de Grandes Empresas a cargo de Karlos Elizondo.<\/li>\n\n\n\n<li>Coordinaci\u00f3n de Cultura a cargo de Sylvia Arai Merino Flores.<\/li>\n\n\n\n<li>Coordinaci\u00f3n de Comunicaci\u00f3n a cargo de Mariana Joseline Espinosa Hidalgo.<\/li>\n\n\n\n<li>Coordinaci\u00f3n de Imagen Institucional a cargo de Erick Alejandro Gallardo Mendez.<\/li>\n\n\n\n<li><strong>Coordinaci\u00f3n de Capacitaci\u00f3n a cargo de\u00a0<a href=\"https:\/\/bweb.mx\/blog\/daniel-planas-ceo-business-web\">Daniel Planas Zamora<\/a><\/strong>.<\/li>\n<\/ul>\n\n\n\n<p>La Coordinaci\u00f3n de Capacitaci\u00f3n es responsable de la organizaci\u00f3n y formaci\u00f3n dentro de los eventos de Networking MOVE.<\/p>\n\n\n\n<p>Estos eventos surgen de la necesidad de aumentar la visibilidad de las empresas o negocios, as\u00ed como la vinculaci\u00f3n, la edificaci\u00f3n y la promoci\u00f3n de productos o servicios a los miembros activos de esta comunidad.<\/p>\n\n\n\n<p>Estas sesiones son lideradas por el Ing. Daniel Planas como Coordinador y por el C. Juan Carlos G\u00f3mez Delgado como Subcoordinador de Vinculaci\u00f3n Empresarial.&nbsp;<\/p>\n\n\n\n<p>Si eres due\u00f1o de negocio, emprendedor o empresario te invitamos a asistir a los&nbsp;<a href=\"https:\/\/bweb.mx\/eventos-networking\">Eventos del Networking MOVE<\/a>&nbsp;que se llevar\u00e1n a cabo cada Jueves a las 19 hrs, estamos seguros que obtendr\u00e1s mucho beneficio para ti y para tu negocio con relaciones de gran valor.<\/p>\n","protected":false},"excerpt":{"rendered":"<p>El Movimiento de Vinculaci\u00f3n Empresarial hoy simplemente llamado Club MOVE tiene como prop\u00f3sito tomar en cuenta las voces y opiniones de los empresarios, due\u00f1os de negocio y emprendedores en las decisiones importantes del pa\u00eds. El movimiento surge oficialmente el 19 de Septiembre de 2019 liderado por Abraham Ponciano como Secretario Estatal del Movimiento de Vinculaci\u00f3n &#8230; <a title=\"Movimiento de Vinculaci\u00f3n Empresarial (Club MOVE)\" class=\"read-more\" href=\"https:\/\/bweb.mx\/blog\/movimiento-de-vinculacion-empresarial-move\/\" aria-label=\"M\u00e1s en Movimiento de Vinculaci\u00f3n Empresarial (Club MOVE)\">Leer m\u00e1s<\/a><\/p>\n","protected":false},"author":3,"featured_media":36,"comment_status":"open","ping_status":"open","sticky":false,"template":"","format":"standard","meta":{"footnotes":""},"categories":[3],"tags":[],"class_list":["post-34","post","type-post","status-publish","format-standard","has-post-thumbnail","hentry","category-eventos"],"aioseo_notices":[],"_links":{"self":[{"href":"https:\/\/bweb.mx\/blog\/wp-json\/wp\/v2\/posts\/34","targetHints":{"allow":["GET"]}}],"collection":[{"href":"https:\/\/bweb.mx\/blog\/wp-json\/wp\/v2\/posts"}],"about":[{"href":"https:\/\/bweb.mx\/blog\/wp-json\/wp\/v2\/types\/post"}],"author":[{"embeddable":true,"href":"https:\/\/bweb.mx\/blog\/wp-json\/wp\/v2\/users\/3"}],"replies":[{"embeddable":true,"href":"https:\/\/bweb.mx\/blog\/wp-json\/wp\/v2\/comments?post=34"}],"version-history":[{"count":4,"href":"https:\/\/bweb.mx\/blog\/wp-json\/wp\/v2\/posts\/34\/revisions"}],"predecessor-version":[{"id":204,"href":"https:\/\/bweb.mx\/blog\/wp-json\/wp\/v2\/posts\/34\/revisions\/204"}],"wp:featuredmedia":[{"embeddable":true,"href":"https:\/\/bweb.mx\/blog\/wp-json\/wp\/v2\/media\/36"}],"wp:attachment":[{"href":"https:\/\/bweb.mx\/blog\/wp-json\/wp\/v2\/media?parent=34"}],"wp:term":[{"taxonomy":"category","embeddable":true,"href":"https:\/\/bweb.mx\/blog\/wp-json\/wp\/v2\/categories?post=34"},{"taxonomy":"post_tag","embeddable":true,"href":"https:\/\/bweb.mx\/blog\/wp-json\/wp\/v2\/tags?post=34"}],"curies":[{"name":"wp","href":"https:\/\/api.w.org\/{rel}","templated":true}]}}